{"id":1531,"date":"2022-10-14T10:41:17","date_gmt":"2022-10-14T08:41:17","guid":{"rendered":"https:\/\/europedirect.reggiocal.it\/mappar3\/?p=1531"},"modified":"2023-11-19T16:58:25","modified_gmt":"2023-11-19T15:58:25","slug":"laboratori-per-la-cittadinanza","status":"publish","type":"post","link":"https:\/\/europedirect.reggiocal.it\/storiecircolari\/2022\/10\/14\/laboratori-per-la-cittadinanza\/","title":{"rendered":"Laboratori per la cittadinanza sui temi del recupero, riparazione e riutilizzo"},"content":{"rendered":"\t\t<div data-elementor-type=\"wp-post\" data-elementor-id=\"1531\" class=\"elementor elementor-1531\">\n\t\t\t\t\t\t<section class=\"elementor-section elementor-top-section elementor-element elementor-element-49704fde elementor-section-boxed elementor-section-height-default elementor-section-height-default\" data-id=\"49704fde\" data-element_type=\"section\">\n\t\t\t\t\t\t<div class=\"elementor-container elementor-column-gap-default\">\n\t\t\t\t\t<div class=\"elementor-column elementor-col-100 elementor-top-column elementor-element elementor-element-4bc0425b\" data-id=\"4bc0425b\" data-element_type=\"column\">\n\t\t\t<div class=\"elementor-widget-wrap elementor-element-populated\">\n\t\t\t\t\t\t<div class=\"elementor-element elementor-element-07fa4e7 elementor-widget elementor-widget-image\" data-id=\"07fa4e7\" data-element_type=\"widget\" data-widget_type=\"image.default\">\n\t\t\t\t<div class=\"elementor-widget-container\">\n\t\t\t<style>\/*! elementor - v3.21.0 - 15-04-2024 *\/\n.elementor-widget-image{text-align:center}.elementor-widget-image a{display:inline-block}.elementor-widget-image a img[src$=\".svg\"]{width:48px}.elementor-widget-image img{vertical-align:middle;display:inline-block}<\/style>\t\t\t\t\t\t\t\t\t\t<img fetchpriority=\"high\" decoding=\"async\" width=\"1155\" height=\"637\" src=\"https:\/\/europedirect.reggiocal.it\/storiecircolari\/wp-content\/uploads\/sites\/2\/2022\/10\/copertina_newsletter.jpg\" class=\"attachment-full size-full wp-image-1556\" alt=\"\" srcset=\"https:\/\/europedirect.reggiocal.it\/storiecircolari\/wp-content\/uploads\/sites\/2\/2022\/10\/copertina_newsletter.jpg 1155w, https:\/\/europedirect.reggiocal.it\/storiecircolari\/wp-content\/uploads\/sites\/2\/2022\/10\/copertina_newsletter-300x165.jpg 300w, https:\/\/europedirect.reggiocal.it\/storiecircolari\/wp-content\/uploads\/sites\/2\/2022\/10\/copertina_newsletter-1024x565.jpg 1024w, https:\/\/europedirect.reggiocal.it\/storiecircolari\/wp-content\/uploads\/sites\/2\/2022\/10\/copertina_newsletter-768x424.jpg 768w\" sizes=\"(max-width: 1155px) 100vw, 1155px\" \/>\t\t\t\t\t\t\t\t\t\t\t\t\t<\/div>\n\t\t\t\t<\/div>\n\t\t\t\t<div class=\"elementor-element elementor-element-fcb815e elementor-widget elementor-widget-heading\" data-id=\"fcb815e\" data-element_type=\"widget\" data-widget_type=\"heading.default\">\n\t\t\t\t<div class=\"elementor-widget-container\">\n\t\t\t<style>\/*! elementor - v3.21.0 - 15-04-2024 *\/\n.elementor-heading-title{padding:0;margin:0;line-height:1}.elementor-widget-heading .elementor-heading-title[class*=elementor-size-]>a{color:inherit;font-size:inherit;line-height:inherit}.elementor-widget-heading .elementor-heading-title.elementor-size-small{font-size:15px}.elementor-widget-heading .elementor-heading-title.elementor-size-medium{font-size:19px}.elementor-widget-heading .elementor-heading-title.elementor-size-large{font-size:29px}.elementor-widget-heading .elementor-heading-title.elementor-size-xl{font-size:39px}.elementor-widget-heading .elementor-heading-title.elementor-size-xxl{font-size:59px}<\/style><h2 class=\"elementor-heading-title elementor-size-default\">Laboratori sulla sostenibilit\u00e0<\/h2>\t\t<\/div>\n\t\t\t\t<\/div>\n\t\t\t\t<div class=\"elementor-element elementor-element-1b9b87b0 elementor-widget elementor-widget-text-editor\" data-id=\"1b9b87b0\" data-element_type=\"widget\" data-widget_type=\"text-editor.default\">\n\t\t\t\t<div class=\"elementor-widget-container\">\n\t\t\t<style>\/*! elementor - v3.21.0 - 15-04-2024 *\/\n.elementor-widget-text-editor.elementor-drop-cap-view-stacked .elementor-drop-cap{background-color:#69727d;color:#fff}.elementor-widget-text-editor.elementor-drop-cap-view-framed .elementor-drop-cap{color:#69727d;border:3px solid;background-color:transparent}.elementor-widget-text-editor:not(.elementor-drop-cap-view-default) .elementor-drop-cap{margin-top:8px}.elementor-widget-text-editor:not(.elementor-drop-cap-view-default) .elementor-drop-cap-letter{width:1em;height:1em}.elementor-widget-text-editor .elementor-drop-cap{float:left;text-align:center;line-height:1;font-size:50px}.elementor-widget-text-editor .elementor-drop-cap-letter{display:inline-block}<\/style>\t\t\t\t<p>Lo Europe Direct del Comune di Reggio Calabria in collaborazione con l&#8217;associazione Fare Eco, nell\u2019ambito della quarta edizione degli AperEurope, propone alla citt\u00e0 e provincia di Reggio Calabria, un percorso laboratoriale gratuito e aperto a tutti per promuovere lo European Green Deal e uno stile di vita pi\u00f9 sostenibile, attraverso i temi del recupero, della riparazione e del riutilizzo.<\/p><p><strong>Il PERCORSO<\/strong><br \/>RETE DEL RIUSO \u201cNON SI JETTA NENTI\u201d \u2013 REGGIO CALABRIA<\/p><p><strong>DI COSA SI TRATTA<\/strong><br \/>Si tratta di un ciclo incontri destinato alla cittadinanza, che a partire da novembre 2022, offrir\u00e0 la possibilit\u00e0 di approfondire i temi sui cui si basa l&#8217;economia circolare, tra cui il riuso, la riparazione e l\u2019upcycling.<\/p><p><strong>GLI OBIETTIVI<\/strong><br \/>&#8211; Diffondere la buona pratica del riuso\/riutilizzo gratuito di oggetti e materiali tra persone di uno stesso luogo, creando un risparmio collettivo tramite la riduzione dei rifiuti.<br \/>&#8211; Chiudere il ciclo produttivo locale, trasformando i rifiuti in risorse.<br \/>&#8211; Creare di una rete locale di collaborazione e scambio di materiali e conoscenze.<\/p><p><strong>CON CHI<\/strong><br \/>L\u2019iniziativa promossa dall&#8217;Assessorato alle Politiche Giovanili, \u00e8 realizzata con il supporto dei partner: <strong><em>Fare Eco, Associazione culturale Magnolia, Associazione Pandora, Fab Lab RC, Equosud, Cooperativa sociale Esperia, Associazione Artemide, Associazione Culturale Femminile Estia, Casa delle Erbe Terre di Lucagnana, Associazione Rifiuti Zero<\/em><\/strong>, che hanno aderito all&#8217;iniziativa &#8220;Aper Europe&#8221;.<\/p><p><strong>Calendario degli eventi<\/strong>:<\/p><p><em>TITOLO:<\/em> <strong>Caff\u00e8 delle Riparazioni &#8220;NON SI JETTA NENTI&#8221; 2022<\/strong><\/p><p><em>Quando:<\/em><br \/>Sabato 12 novembre &#8211; dalle ore 17:00 alle ore 20:00<br \/>Sabato 26 novembre &#8211; dalle ore 17:00 alle ore 20:00<br \/>Sabato 3 dicembre &#8211; dalle ore 17:00 alle ore 20:00<br \/>Sabato 10 dicembre &#8211; dalle ore 17:00 alle ore 20:00<\/p><p><em>Dove:<\/em> Presso la sede del Fab Lab RC, in via Possidonea, 32 a Reggio Calabria.<\/p><p><em>A cura di:<\/em> Fare Eco, in collaborazione con l&#8217;<strong>associazione culturale Magnolia<\/strong> ed il <strong>Fab Lab di Reggio Calabria<\/strong>.<\/p><p><em>Come Partecipare<\/em>:<br \/>VIENI A TROVARCI PER RIPARARE I TUOI OGGETTI! Con l&#8217;aiuto dei nostri esperti potrai IMPARARE a riparare GRATUITAMENTE:<br \/><em>&#8211; abbigliamento\/tessuti<\/em><br \/><em>&#8211; piccoli elettrodomestici<\/em><br \/><em>&#8211; piccoli mobili e altri oggetti in legno.<\/em><\/p><p>Per iscriverti, riparare, fare volontariato e avere maggiori informazioni segui il link <a href=\"https:\/\/forms.gle\/R8BegPetrQ3JzPJm9\">https:\/\/forms.gle\/R8BegPetrQ3JzPJm9<\/a>, oppure scrivi alla e-mail <a href=\"mailto:scrivi@fareeco.it\">scrivi@fareeco.it<\/a><\/p><p><em>Informazioni<\/em>:<br \/>Puoi trovare questa iniziativa anche sul sito internazionale dei Repair Caf\u00e8: <a href=\"https:\/\/www.repaircafe.org\/en\/cafe\/repair-cafe-non-si-jetta-nenti-reggio-calabria\/\">https:\/\/www.repaircafe.org\/en\/cafe\/repair-cafe-non-si-jetta-nenti-reggio-calabria\/<\/a><br \/>Vuoi sapere di pi\u00f9 sui caff\u00e8 delle riparazioni? <a href=\"https:\/\/bit.ly\/repaircafeRC\">https:\/\/bit.ly\/repaircafeRC<\/a><br \/>Cosa fa l&#8217;Europa per il &#8220;diritto alla riparazione&#8221; <a href=\"https:\/\/www.europarl.europa.eu\/news\/it\/headlines\/society\/20220331STO26410\/perche-la-normativa-ue-sul-diritto-alla-riparazione-e-importante?fbclid=IwAR0BzqGpLY8zPdg3PX1IRWcQ-RzzS3r5-p6rWjbzwZ8mJ3fCZToWS8E_NJI\">https:\/\/www.europarl.europa.eu\/news\/it\/headlines\/society\/20220331STO26410\/perche-la-normativa-ue-sul-diritto-alla-riparazione-e-importante?fbclid=IwAR0BzqGpLY8zPdg3PX1IRWcQ-RzzS3r5-p6rWjbzwZ8mJ3fCZToWS8E_NJI<\/a><\/p><p>Evento facebook: <a href=\"https:\/\/fb.me\/e\/1VztpcSUK\">https:\/\/fb.me\/e\/1VztpcSUK<\/a><\/p><hr \/><p>TITOLO:<br \/>Lancio campagna di comunicazione <em><strong>&#8220;Hai la stoffa giusta?&#8221;<\/strong>. <\/em>Azione sviluppata all&#8217;interno della<strong><em> Settimana Europea per la Riduzione dei Rifiuti (SERR) 2022: Tessile circolare e sostenibile<\/em><\/strong>.<\/p><p>Trovi la campagna anche sul sito ufficiale: <a href=\"https:\/\/ewwr.eu\/actions\/campagna-di-comunicazione-hai-la-stoffa-giusta\/\">https:\/\/ewwr.eu\/actions\/campagna-di-comunicazione-hai-la-stoffa-giusta\/<\/a><\/p><p><em>Quando:<\/em> Domenica 20 novembre 2022<br \/>&#8211; <em>Dalle ore 16:00 alle 18:00<\/em>. Laboratorio GRATUITO per bambini (dai 4 ai 12 anni) con la realizzazione di panettoni in tessuti recuperati.<br \/>&#8211; <em>Dalle ore 18:00 alle 19:00.<\/em> (per adulti) Focus sulle buone pratiche contro lo spreco alimentare (consigli utili su come evitarlo). Elaborazione ricetta svuota frigo e anti spreco grazie alla presenza del biologo nutrizionista Giovanna Anghelone.<\/p><p><em>Dove:<\/em> Salone parrocchiale della chiesa di Santa Maria della Candelora. Via Aschenez n. 2 &#8211; Reggio Calabria.<\/p><p><em>A cura di:<\/em> Fare Eco in partnership le associazioni <strong>Pandora, Artemide e Rifiuti Zero Reggio Calabria<\/strong>.<\/p><p><em>Come Partecipare:<\/em> Per iscrizioni e informazioni compila il form <a href=\"https:\/\/forms.gle\/q2SykgxMTvcwNReE9\">https:\/\/forms.gle\/q2SykgxMTvcwNReE9<\/a><\/p><p><em>Informazioni:<\/em><br \/>I panettoni salvadanai realizzati dai bambini nel corso del laboratorio con tessuti recuperati serviranno per la campagna <em>&#8220;panettone sospeso&#8221;<\/em>, un\u2019iniziativa dell\u2019Associazione Pandora che si si ispira alla tradizione napoletana del \u201ccaff\u00e8 sospeso\u201d: come a Napoli il caff\u00e8 \u00e8 un simbolo, cos\u00ec il panettone lo sar\u00e0 per Reggio Calabria.<br \/>Dal 21 novembre fino ai giorni precedenti al Natale molte pasticcerie ed esercizi commerciali potranno lasciare un\u2019offerta in questi speciali panettoni salvadanai per poi poter acquistare un panettone che verr\u00e0 donato a chi \u00e8 meno fortunato, a partire dai beneficiari del progetto Corredino Sospeso della predetta associazione. I panettoni che verranno acquistati saranno unicamente acquistati da artigiani locali al fine di sostenere le loro attivit\u00e0 in questo periodo di emergenza energetica e per la valorizzazione dei prodotti del territorio.<br \/>Nel corso di questo laboratorio i bimbi realizzeranno anche una busta per la lettera a Babbo Natale sempre con tessuti recuperati.<\/p><p>Evento facebook: <a href=\"https:\/\/www.facebook.com\/photo?fbid=653269629672939&amp;set=a.212020517131188\">https:\/\/www.facebook.com\/photo?fbid=653269629672939&amp;set=a.212020517131188<\/a><\/p><hr \/><p>TITOLO:<br \/>Salotto di discussione <strong><em>&#8220;VINTAGE CHE PASSIONE&#8221;<\/em><\/strong>. Azione sviluppata all&#8217;interno della Settimana Europea per la Riduzione dei Rifiuti (SERR) 2022: Tessile circolare e sostenibile.<\/p><p><em>Quando:<\/em> Luned\u00ec 21 novembre 2022 ore 18:00.<\/p><p><em>Dove:<\/em> Used &#8211; Second Life, Via dei Plutino, 35, Reggio di Calabria.<\/p><p><em>A cura di:<\/em> Fare Eco in partnership con <strong>Used &#8211; Second Life<\/strong>.<\/p><p><em>Come Partecipare:<\/em> Prenotazioni sulla e-mail <a href=\"mailto:scrivi@fareeco.it\">scrivi@fareeco.it<\/a><\/p><p>Informazioni:<br \/>Un capo vintage \u00e8 destinato a durare nel tempo, coniuga il fascino della nostalgia con l\u2019esigenza di una qualit\u00e0, oggi, a volte, introvabile!<br \/>Vi aspettiamo per parlare insieme e mettere a confronto temi come quello del #vintage, della #fastfashion legata ai grandi marchi, delle nuove #App che si occupano di vendita di capi usati e molto altro.<\/p><p>Evento facebook:<br \/><a href=\"https:\/\/www.facebook.com\/photo?fbid=656816625984906&amp;set=a.212020517131188\">https:\/\/www.facebook.com\/photo?fbid=656816625984906&amp;set=a.212020517131188<\/a><\/p><hr \/><p>TITOLO:<br \/>Laboratorio gratuito di <strong>RIUTILIZZO DI STOFFE US(UR)ATE PER NUOVE CREAZIONI<\/strong>. Evento promosso all\u2019interno della Settimana Europea per la Riduzione dei Rifiuti (SERR) 2022: Tessile circolare e sostenibile.<\/p><p><em>Quando:<\/em> 23 novembre 2022 &#8211; Dalle 18:00 alle 19:30.<\/p><p><em>Dove:<\/em> c\/o Biblioteca \u201cOltreiconfini\u201d Via Riparo Cannav\u00f2 \u2013 Reggio Calabria<\/p><p><em>A cura di:<\/em> Fare Eco in partnership con <strong>Esperia Coop. Sociale Onlus<\/strong>.<\/p><p><em>Come Partecipare:<\/em> Iscrizioni entro il 22 novembre 2022, compilando il form <a href=\"https:\/\/forms.gle\/hPo1wFmkg7qoPk1y7\">https:\/\/forms.gle\/hPo1wFmkg7qoPk1y7<\/a><\/p><p><em>Informazioni:<\/em> Rivolto a tutt* dai 10 anni in su. Posti limitati!<\/p><p>OBIETTIVI:<br \/>&#8211; Dare una seconda possibilit\u00e0 di utilizzo ai materiali tessili prima che vengano buttati, prolungandone cos\u00ec il ciclo di vita.<br \/>&#8211; Riflettere sull\u2019importanza delle materie (in questo caso dei tessuti) e sulla loro possibilit\u00e0 di utilizzo in svariati ambiti diversi da quello originale.<br \/>&#8211; Porre un freno all\u2019abitudine di buttare subito tutto ci\u00f2 che risulta vecchio o danneggiato.<\/p><p>Si selezioneranno indumenti vecchi, usurati, o scampoli di tessuto non pi\u00f9 indossabili per dare loro nuova vita e realizzare altri oggetti utilizzabili nel quotidiano, con semplici azioni di taglio e cucito alla portata di tutt*.<\/p><p>Evento facebook: <a href=\"https:\/\/www.facebook.com\/photo\/?fbid=657709105895658&amp;set=a.212020517131188\">https:\/\/www.facebook.com\/photo\/?fbid=657709105895658&amp;set=a.212020517131188<\/a><\/p><hr \/><p>TITOLO:<br \/><strong>Visita guidata gratuita al laboratorio sartoriale di Equosud Reggio Calabria<\/strong>. Evento promosso all\u2019interno della Settimana Europea per la Riduzione dei Rifiuti (SERR) 2022: Tessile circolare e sostenibile.<\/p><p><em>Quando:<\/em> Venerd\u00ec 25 novembre &#8211; ore 18:00.<\/p><p><em>Dove:<\/em> Via Bellini, Reggio di Calabria.<\/p><p><em>A cura di:<\/em> Fare Eco in partnership con <strong>Equosud<\/strong>.<\/p><p><em>Come Partecipare:<\/em> Prenotazioni sulla e-mail <a href=\"mailto:scrivi@fareeco.it\">scrivi@fareeco.it<\/a>.<\/p><p><em>Informazioni:<\/em><\/p><p>Il progetto Eskimo68 riciclo creativo, nasce per valorizzare il pi\u00f9 possibile la nostra terra, rispettando ci\u00f2 che ci circonda e contribuendo ad una crescita sostenibile, equa, e solidale.<br \/>Eskimo68 \u00e8 dotata di un laboratorio tessile, una serigrafia, ricamificio che lavora da anni nel settore tessile.<br \/>Per i prodotti \u201cRESISTENTI\u201d si utilizzano sia materiali esistenti in natura nei nostri territori sia materiali riciclati. Ne sono un esempio le borse di iuta, confezionate con sacchi usati per il trasporto del caff\u00e8; le borse di jeans, per le quali si utilizzano jeans usati; i gagliardetti, fatti di iuta e canne raccolte sulle sponde delle nostre fiumare.<\/p><p>Evento facebook: <a href=\"https:\/\/www.facebook.com\/photo?fbid=658500489149853&amp;set=a.212020517131188\">https:\/\/www.facebook.com\/photo?fbid=658500489149853&amp;set=a.212020517131188<\/a><\/p><hr \/><p>TITOLO:<br \/><strong>Laboratorio GRATUITO di stampa botanica<\/strong>. Tenuto da <em>Caterina Niutta<\/em>, insegnante di eco printing e tinture naturali artigiana tessile.<br \/>Evento promosso all\u2019interno della Settimana Europea per la Riduzione dei Rifiuti (SERR) 2022: Tessile circolare e sostenibile.<\/p><p><em>Quando:<\/em> Sabato 26 novembre dalle ore 09.00<\/p><p><em>Dove:<\/em> Casa delle Erbe Terre di Lucagnana &#8211; Contrada Murroco, Gallina &#8211; Reggio Calabria.<\/p><p><em>A cura di:<\/em> Fare Eco in partnership con l&#8217;<strong>Associazione Culturale Femminile Estia e Casa delle Erbe Terre di Lucagnana<\/strong>.<\/p><p><em>Come Partecipare:<\/em> Iscrizioni entro il 25 novembre tramite il form <a href=\"https:\/\/forms.gle\/S3KPChMYma9bZ5XP6\">https:\/\/forms.gle\/S3KPChMYma9bZ5XP6<\/a> (POSTI LIMITATI)<\/p><p><em>Informazioni:<\/em> Utilizzeremo l&#8217;eco printing, una tecnica di stampa, che ci permetter\u00e0, utilizzando materiale del tutto naturale e a bassissimo impatto ambientale, di stampare su tessuto, impronte di fiori, foglie, cortecce. \u00c8 una tecnica nata negli anni novanta dall&#8217;intuito di un&#8217;artista australiana, India Flint, e rapidamente diffusa in tutto il mondo.<\/p><p>Evento facebook: <a href=\"https:\/\/www.facebook.com\/photo?fbid=659533122379923&amp;set=a.212020517131188\">https:\/\/www.facebook.com\/photo?fbid=659533122379923&amp;set=a.212020517131188<\/a><\/p><hr \/><p>TITOLO:<br \/><strong>Incontro GRATUITO formativo e informativo sui pannolini lavabili e avvio servizio di pannolinoteca solidale<\/strong>.<br \/>Evento promosso all\u2019interno della Settimana Europea per la Riduzione dei Rifiuti (SERR) 2022: Tessile circolare e sostenibile.<\/p><p><em>Quando:<\/em> Domenica 27 novembre dalle ore 16:00 alle 18:00<\/p><p><em>Dove:<\/em> Salone parrocchiale della chiesa di Santa Maria della Candelora. Via Aschenez n. 2 &#8211; Reggio Calabria.<\/p><p><em>A cura di:<\/em> Fare Eco in partnership con\u00a0l&#8217;<strong>associazione Pandora<\/strong> e <strong>Nani&amp;S di Enza Tramontana<\/strong>.<\/p><p><em>Come Partecipare:<\/em> Per informazioni e prenotazioni compila il form <a class=\"x1i10hfl xjbqb8w x6umtig x1b1mbwd xaqea5y xav7gou x9f619 x1ypdohk xt0psk2 xe8uvvx xdj266r x11i5rnm xat24cr x1mh8g0r xexx8yu x4uap5 x18d9i69 xkhd6sd x16tdsg8 x1hl2dhg xggy1nq x1a2a7pz xt0b8zv x1fey0fg\" role=\"link\" href=\"https:\/\/forms.gle\/VAh6kzQ2oY9BBzkp8?fbclid=IwAR3Ca-jQ3vxJg_uIOLqE-eJ0-Z6v-KU-93wrd2p_hVktsLPf-EW_fnMVyh0\" target=\"_blank\" rel=\"nofollow noopener\">https:\/\/forms.gle\/VAh6kzQ2oY9BBzkp8<\/a><\/p><p><em>Informazioni: <\/em>Inizieremo parlando di pannolini lavabili:<\/p><ul><li>Cosa sono?<\/li><li>Che tipologie esistono?<\/li><li>Caratteristiche e differenze<\/li><li>Come si lavano?<\/li><li>Quanto durano?<\/li><li>Benefici sulla salute dei piccoli<\/li><li>Il loro utilizzo e l\u2019impatto ambientale ed economico<\/li><\/ul><p>Evento facebook: <a href=\"https:\/\/www.facebook.com\/photo?fbid=663504961982739&amp;set=a.212020517131188\">https:\/\/www.facebook.com\/photo?fbid=663504961982739&amp;set=a.212020517131188<\/a><\/p>\t\t\t\t\t\t<\/div>\n\t\t\t\t<\/div>\n\t\t\t\t\t<\/div>\n\t\t<\/div>\n\t\t\t\t\t<\/div>\n\t\t<\/section>\n\t\t\t\t<section class=\"elementor-section elementor-top-section elementor-element elementor-element-d28c573 elementor-section-boxed elementor-section-height-default elementor-section-height-default\" data-id=\"d28c573\" data-element_type=\"section\">\n\t\t\t\t\t\t<div class=\"elementor-container elementor-column-gap-default\">\n\t\t\t\t\t<div class=\"elementor-column elementor-col-100 elementor-top-column elementor-element elementor-element-d97606c\" data-id=\"d97606c\" data-element_type=\"column\">\n\t\t\t<div class=\"elementor-widget-wrap elementor-element-populated\">\n\t\t\t\t\t\t<div class=\"elementor-element elementor-element-16f924c elementor-widget elementor-widget-text-editor\" data-id=\"16f924c\" data-element_type=\"widget\" data-widget_type=\"text-editor.default\">\n\t\t\t\t<div class=\"elementor-widget-container\">\n\t\t\t\t\t\t\t<script src=\"https:\/\/assets.juicer.io\/embed.js\" type=\"text\/javascript\"><\/script>\n<link href=\"https:\/\/assets.juicer.io\/embed.css\" media=\"all\" rel=\"stylesheet\" type=\"text\/css\" \/>\n<ul class=\"juicer-feed\" data-feed-id=\"fare-eco\" data-origin=\"embed-code\"><h1 class=\"referral\"><a href=\"https:\/\/www.juicer.io\">Powered by Juicer.io<\/a><\/h1><\/u\t\t\t\t\t\t<\/div>\n\t\t\t\t<\/div>\n\t\t\t\t\t<\/div>\n\t\t<\/div>\n\t\t\t\t\t<\/div>\n\t\t<\/section>\n\t\t\t\t<\/div>\n\t\t","protected":false},"excerpt":{"rendered":"<p>Laboratori sulla sostenibilit\u00e0 Lo Europe Direct del Comune di Reggio Calabria in collaborazione con l&#8217;associazione Fare Eco, nell\u2019ambito della quarta edizione degli AperEurope, propone alla &#8230; <\/p>\n","protected":false},"author":14,"featured_media":1556,"comment_status":"closed","ping_status":"closed","sticky":false,"template":"elementor_header_footer","format":"standard","meta":{"footnotes":""},"categories":[26,27],"tags":[42,31,40,38,41,30,39,33,36,37,35,28,29,32,34],"_links":{"self":[{"href":"https:\/\/europedirect.reggiocal.it\/storiecircolari\/wp-json\/wp\/v2\/posts\/1531"}],"collection":[{"href":"https:\/\/europedirect.reggiocal.it\/storiecircolari\/wp-json\/wp\/v2\/posts"}],"about":[{"href":"https:\/\/europedirect.reggiocal.it\/storiecircolari\/wp-json\/wp\/v2\/types\/post"}],"author":[{"embeddable":true,"href":"https:\/\/europedirect.reggiocal.it\/storiecircolari\/wp-json\/wp\/v2\/users\/14"}],"replies":[{"embeddable":true,"href":"https:\/\/europedirect.reggiocal.it\/storiecircolari\/wp-json\/wp\/v2\/comments?post=1531"}],"version-history":[{"count":25,"href":"https:\/\/europedirect.reggiocal.it\/storiecircolari\/wp-json\/wp\/v2\/posts\/1531\/revisions"}],"predecessor-version":[{"id":1772,"href":"https:\/\/europedirect.reggiocal.it\/storiecircolari\/wp-json\/wp\/v2\/posts\/1531\/revisions\/1772"}],"wp:featuredmedia":[{"embeddable":true,"href":"https:\/\/europedirect.reggiocal.it\/storiecircolari\/wp-json\/wp\/v2\/media\/1556"}],"wp:attachment":[{"href":"https:\/\/europedirect.reggiocal.it\/storiecircolari\/wp-json\/wp\/v2\/media?parent=1531"}],"wp:term":[{"taxonomy":"category","embeddable":true,"href":"https:\/\/europedirect.reggiocal.it\/storiecircolari\/wp-json\/wp\/v2\/categories?post=1531"},{"taxonomy":"post_tag","embeddable":true,"href":"https:\/\/europedirect.reggiocal.it\/storiecircolari\/wp-json\/wp\/v2\/tags?post=1531"}],"curies":[{"name":"wp","href":"https:\/\/api.w.org\/{rel}","templated":true}]}}