{"id":1797,"date":"2023-11-19T17:34:49","date_gmt":"2023-11-19T16:34:49","guid":{"rendered":"https:\/\/europedirect.reggiocal.it\/storiecircolari\/?p=1797"},"modified":"2023-11-21T13:44:03","modified_gmt":"2023-11-21T12:44:03","slug":"settimana-europea-per-la-riduzione-dei-rifiuti-non-farti-imballare-tu-puoi-fare-la-differenza","status":"publish","type":"post","link":"https:\/\/europedirect.reggiocal.it\/storiecircolari\/2023\/11\/19\/settimana-europea-per-la-riduzione-dei-rifiuti-non-farti-imballare-tu-puoi-fare-la-differenza\/","title":{"rendered":"Settimana Europea per la Riduzione dei Rifiuti. Non farti imballare. Tu puoi fare la differenza!"},"content":{"rendered":"\t\t<div data-elementor-type=\"wp-post\" data-elementor-id=\"1797\" class=\"elementor elementor-1797\">\n\t\t\t\t\t\t<section class=\"elementor-section elementor-top-section elementor-element elementor-element-8d18f93 elementor-section-boxed elementor-section-height-default elementor-section-height-default\" data-id=\"8d18f93\" data-element_type=\"section\">\n\t\t\t\t\t\t<div class=\"elementor-container elementor-column-gap-default\">\n\t\t\t\t\t<div class=\"elementor-column elementor-col-100 elementor-top-column elementor-element elementor-element-31a1cd1\" data-id=\"31a1cd1\" data-element_type=\"column\">\n\t\t\t<div class=\"elementor-widget-wrap elementor-element-populated\">\n\t\t\t\t\t\t<div class=\"elementor-element elementor-element-f4663b9 elementor-widget elementor-widget-spacer\" data-id=\"f4663b9\" data-element_type=\"widget\" data-widget_type=\"spacer.default\">\n\t\t\t\t<div class=\"elementor-widget-container\">\n\t\t\t<style>\/*! elementor - v3.21.0 - 15-04-2024 *\/\n.elementor-column .elementor-spacer-inner{height:var(--spacer-size)}.e-con{--container-widget-width:100%}.e-con-inner>.elementor-widget-spacer,.e-con>.elementor-widget-spacer{width:var(--container-widget-width,var(--spacer-size));--align-self:var(--container-widget-align-self,initial);--flex-shrink:0}.e-con-inner>.elementor-widget-spacer>.elementor-widget-container,.e-con>.elementor-widget-spacer>.elementor-widget-container{height:100%;width:100%}.e-con-inner>.elementor-widget-spacer>.elementor-widget-container>.elementor-spacer,.e-con>.elementor-widget-spacer>.elementor-widget-container>.elementor-spacer{height:100%}.e-con-inner>.elementor-widget-spacer>.elementor-widget-container>.elementor-spacer>.elementor-spacer-inner,.e-con>.elementor-widget-spacer>.elementor-widget-container>.elementor-spacer>.elementor-spacer-inner{height:var(--container-widget-height,var(--spacer-size))}.e-con-inner>.elementor-widget-spacer.elementor-widget-empty,.e-con>.elementor-widget-spacer.elementor-widget-empty{position:relative;min-height:22px;min-width:22px}.e-con-inner>.elementor-widget-spacer.elementor-widget-empty .elementor-widget-empty-icon,.e-con>.elementor-widget-spacer.elementor-widget-empty .elementor-widget-empty-icon{position:absolute;top:0;bottom:0;left:0;right:0;margin:auto;padding:0;width:22px;height:22px}<\/style>\t\t<div class=\"elementor-spacer\">\n\t\t\t<div class=\"elementor-spacer-inner\"><\/div>\n\t\t<\/div>\n\t\t\t\t<\/div>\n\t\t\t\t<\/div>\n\t\t\t\t\t<\/div>\n\t\t<\/div>\n\t\t\t\t\t<\/div>\n\t\t<\/section>\n\t\t\t\t<section class=\"elementor-section elementor-top-section elementor-element elementor-element-1a02ced elementor-section-boxed elementor-section-height-default elementor-section-height-default\" data-id=\"1a02ced\" data-element_type=\"section\">\n\t\t\t\t\t\t<div class=\"elementor-container elementor-column-gap-default\">\n\t\t\t\t\t<div class=\"elementor-column elementor-col-100 elementor-top-column elementor-element elementor-element-d1c6002\" data-id=\"d1c6002\" data-element_type=\"column\">\n\t\t\t<div class=\"elementor-widget-wrap elementor-element-populated\">\n\t\t\t\t\t\t<div class=\"elementor-element elementor-element-bd0bd22 elementor-widget elementor-widget-text-editor\" data-id=\"bd0bd22\" data-element_type=\"widget\" data-widget_type=\"text-editor.default\">\n\t\t\t\t<div class=\"elementor-widget-container\">\n\t\t\t<style>\/*! elementor - v3.21.0 - 15-04-2024 *\/\n.elementor-widget-text-editor.elementor-drop-cap-view-stacked .elementor-drop-cap{background-color:#69727d;color:#fff}.elementor-widget-text-editor.elementor-drop-cap-view-framed .elementor-drop-cap{color:#69727d;border:3px solid;background-color:transparent}.elementor-widget-text-editor:not(.elementor-drop-cap-view-default) .elementor-drop-cap{margin-top:8px}.elementor-widget-text-editor:not(.elementor-drop-cap-view-default) .elementor-drop-cap-letter{width:1em;height:1em}.elementor-widget-text-editor .elementor-drop-cap{float:left;text-align:center;line-height:1;font-size:50px}.elementor-widget-text-editor .elementor-drop-cap-letter{display:inline-block}<\/style>\t\t\t\t<div data-id=\"3098df1\" data-element_type=\"widget\" data-widget_type=\"heading.default\">\n<div>\n<h3>Settimana Europea per la Riduzione dei Rifiuti.<br>Non farti imballare. Tu puoi fare la differenza!<\/h3>\n<\/div>\n<\/div>\n<div data-id=\"80a9e2e\" data-element_type=\"widget\" data-widget_type=\"text-editor.default\">\n<div>\n<p>Il Centro Europe Direct e l\u2019Accademia di Belle Arti di Reggio Calabria&nbsp; per la Settimana Europea per la Riduzione dei Rifiuti (SERR) propongono \u2013 il 24 e 25 Novembre 2023 \u2013 due \u201cazioni\u201d volte a sensibilizzare i cittadini sulla gestione sostenibile delle risorse e dei rifiuti.<\/p>\n<p>SERR 2023: <a href=\"https:\/\/ewwr.eu\/actions\/non-farti-imballare-tu-puoi-fare-la-differenza\/\">https:\/\/ewwr.eu\/actions\/non-farti-imballare-tu-puoi-fare-la-differenza\/<\/a><\/p>\n<\/div>\n<\/div>\t\t\t\t\t\t<\/div>\n\t\t\t\t<\/div>\n\t\t\t\t<div class=\"elementor-element elementor-element-85bfed8 elementor-widget elementor-widget-text-editor\" data-id=\"85bfed8\" data-element_type=\"widget\" data-widget_type=\"text-editor.default\">\n\t\t\t\t<div class=\"elementor-widget-container\">\n\t\t\t\t\t\t\t<p><strong><img fetchpriority=\"high\" decoding=\"async\" class=\"alignnone size-full wp-image-1893\" src=\"https:\/\/europedirect.reggiocal.it\/storiecircolari\/wp-content\/uploads\/sites\/2\/2023\/11\/copertina.jpg\" alt=\"\" width=\"851\" height=\"346\" srcset=\"https:\/\/europedirect.reggiocal.it\/storiecircolari\/wp-content\/uploads\/sites\/2\/2023\/11\/copertina.jpg 851w, https:\/\/europedirect.reggiocal.it\/storiecircolari\/wp-content\/uploads\/sites\/2\/2023\/11\/copertina-300x122.jpg 300w, https:\/\/europedirect.reggiocal.it\/storiecircolari\/wp-content\/uploads\/sites\/2\/2023\/11\/copertina-768x312.jpg 768w\" sizes=\"(max-width: 851px) 100vw, 851px\" \/><\/strong><strong><br \/><\/strong><\/p><p><strong>Venerd\u00ec 24 Novembre, dalle ore 13.00 alle ore 18.30<br \/><\/strong><span dir=\"ltr\" role=\"presentation\">Workshop. Il Packaging tra materiali ecosostenibili, tecnologie e scenari futuri.<br \/><\/span><em><strong><br \/>Dove:<\/strong> Accademia Belle Arti di Reggio Calabria<br \/><strong>Chi:<\/strong> <span dir=\"ltr\" role=\"presentation\">Studenti<\/span> <span dir=\"ltr\" role=\"presentation\">delle<\/span> <span dir=\"ltr\" role=\"presentation\">Accademie, Universit\u00e0, Studiosi, Cittadini della Citt\u00e0 di Reggio Calabria<\/span><br \/><\/em><\/p><div class=\"x11i5rnm xat24cr x1mh8g0r x1vvkbs xtlvy1s x126k92a\"><div dir=\"auto\"><p>Il packaging \u00e8 un elemento centrale nelle politiche ambientali e uno degli artefatti della comunicazione pi\u00f9 potenti e incisivi, perch\u00e9 in grado di orientare le scelte del consumatore, fidelizzarlo al brand e veicolare tutte quelle informazioni che vanno dalla tracciabilit\u00e0 del prodotto, ai suggerimenti sul suo corretto utilizzo, alle indicazioni sulle modalit\u00e0 di dismissione.<\/p><\/div><\/div><div class=\"x11i5rnm xat24cr x1mh8g0r x1vvkbs xtlvy1s x126k92a\"><div dir=\"auto\">Nella prima parte del workshop i partecipanti riceveranno informazioni sulle funzioni del packaging e sui nuovi scenari che sono alla base del packaging del futuro, per poi passare all\u2019uso della carta nel progetto grafico, agli accorgimenti, ai consigli pratici e ai suggerimenti nella scelta del materiale, fino ad affrontare il complesso rapporto tra carta ed ecologia, fra luoghi comuni e realt\u00e0.<\/div><\/div><div class=\"x11i5rnm xat24cr x1mh8g0r x1vvkbs xtlvy1s x126k92a\"><div dir=\"auto\">Nella seconda parte di tipo laboratoriale gli allievi si sperimenteranno nella realizzazione di una fustella e del relativo packaging.<\/div><\/div><p>Per Approfondire: <a href=\"https:\/\/www.abarc.it\/eventi\/il-packaging-tra-materiali-tecnologie-e-scenari-futuri\/\">https:\/\/www.abarc.it\/eventi\/il-packaging-tra-materiali-tecnologie-e-scenari-futuri\/<\/a><\/p><p>_____<\/p><p><strong>Sabato 25 Novembre, dalle ore 9:00<br \/><\/strong>\u201cSegni e segnali\u201d. <br \/>Mostra Interattiva per giocare e apprendere: dall\u2019Agenda 2030 al ciclo di vita dei prodotti.<\/p><p><em><strong>Dove:<\/strong> Centro Giovanile \u201cGiovani Fermenti\u201d.<\/em><br \/><em>Palazzo CeDir, Sala Altiero Spinelli \u2013 Reggio Calabria<br \/><strong>Chi:<\/strong> Scuole, Cittadini<br \/><\/em><\/p><p>La mostra vuole proporre una \u201cinstallazione\/gioco\u201d che miri a coinvolgere gli studenti e i cittadini sui temi della raccolta differenziata, fornendo informazioni che vanno dai danni provocati all\u2019ambiente da una non corretta gestione dei rifiuti agli obiettivi dell\u2019agenda 2030, dalle regole da rispettare nello smaltimento alle attivit\u00e0 svolte dalle industrie nei processi di riciclo dei materiali.<\/p><p>Il Centro Giovanile \u201cGiovani Fermenti\u201d del Comune di Reggio Calabria ospiter\u00e0 per la prima volta l\u2019installazione.<br \/>L\u2019allestimento, un percorso guidato composto da pi\u00f9 pannelli, che si avvale di filmati esplicativi forniti dai pi\u00f9 importanti Consorzi Nazionali (Comieco, Conai, CIAL\u2026) racconter\u00e0 attraverso il gioco e l\u2019interazione il ciclo di vita degli imballaggi, le attivit\u00e0 da svolgere per una corretta dismissione del prodotto e le modalit\u00e0 di riciclo dei singoli materiali. Sar\u00e0 fornito materiale informativo e gadgestica sul tema.<\/p><p>La presentazione del progetto alla Citt\u00e0 di Reggio Calabria avverr\u00e0 grazie ad <span role=\"presentation\">una<\/span> <span role=\"presentation\">comunicazion<\/span><span role=\"presentation\">e<\/span> crossmediale realizzata dagli studenti dell\u2019Accademia di Belle Arti di Reggio Calabria e supportata dal Centro Europe Direct di Reggio Calabria.<br \/><span role=\"presentation\">Terminata la #SERR, l\u2019installazione verr\u00e0 accolta da una nuova istituzione<\/span><span role=\"presentation\">, in modo tale che altri possano nel tempo fruire del progetto.<\/span><\/p><p>Per Approfondire:<a href=\"https:\/\/ewwr.eu\/actions\/non-farti-imballare-tu-puoi-fare-la-differenza\/\"> https:\/\/ewwr.eu\/actions\/non-farti-imballare-tu-puoi-fare-la-differenza\/<\/a><\/p>\t\t\t\t\t\t<\/div>\n\t\t\t\t<\/div>\n\t\t\t\t<div class=\"elementor-element elementor-element-941c00c elementor-widget elementor-widget-spacer\" data-id=\"941c00c\" data-element_type=\"widget\" data-widget_type=\"spacer.default\">\n\t\t\t\t<div class=\"elementor-widget-container\">\n\t\t\t\t\t<div class=\"elementor-spacer\">\n\t\t\t<div class=\"elementor-spacer-inner\"><\/div>\n\t\t<\/div>\n\t\t\t\t<\/div>\n\t\t\t\t<\/div>\n\t\t\t\t\t<\/div>\n\t\t<\/div>\n\t\t\t\t\t<\/div>\n\t\t<\/section>\n\t\t\t\t<\/div>\n\t\t","protected":false},"excerpt":{"rendered":"<p>Settimana Europea per la Riduzione dei Rifiuti.Non farti imballare. Tu puoi fare la differenza! Il Centro Europe Direct e l\u2019Accademia di Belle Arti di Reggio &#8230; <\/p>\n","protected":false},"author":1,"featured_media":0,"comment_status":"open","ping_status":"open","sticky":false,"template":"elementor_header_footer","format":"standard","meta":{"footnotes":""},"categories":[26],"tags":[],"_links":{"self":[{"href":"https:\/\/europedirect.reggiocal.it\/storiecircolari\/wp-json\/wp\/v2\/posts\/1797"}],"collection":[{"href":"https:\/\/europedirect.reggiocal.it\/storiecircolari\/wp-json\/wp\/v2\/posts"}],"about":[{"href":"https:\/\/europedirect.reggiocal.it\/storiecircolari\/wp-json\/wp\/v2\/types\/post"}],"author":[{"embeddable":true,"href":"https:\/\/europedirect.reggiocal.it\/storiecircolari\/wp-json\/wp\/v2\/users\/1"}],"replies":[{"embeddable":true,"href":"https:\/\/europedirect.reggiocal.it\/storiecircolari\/wp-json\/wp\/v2\/comments?post=1797"}],"version-history":[{"count":73,"href":"https:\/\/europedirect.reggiocal.it\/storiecircolari\/wp-json\/wp\/v2\/posts\/1797\/revisions"}],"predecessor-version":[{"id":1949,"href":"https:\/\/europedirect.reggiocal.it\/storiecircolari\/wp-json\/wp\/v2\/posts\/1797\/revisions\/1949"}],"wp:attachment":[{"href":"https:\/\/europedirect.reggiocal.it\/storiecircolari\/wp-json\/wp\/v2\/media?parent=1797"}],"wp:term":[{"taxonomy":"category","embeddable":true,"href":"https:\/\/europedirect.reggiocal.it\/storiecircolari\/wp-json\/wp\/v2\/categories?post=1797"},{"taxonomy":"post_tag","embeddable":true,"href":"https:\/\/europedirect.reggiocal.it\/storiecircolari\/wp-json\/wp\/v2\/tags?post=1797"}],"curies":[{"name":"wp","href":"https:\/\/api.w.org\/{rel}","templated":true}]}}